{"id":5083,"date":"2022-09-05T11:25:00","date_gmt":"2022-09-05T09:25:00","guid":{"rendered":"https:\/\/yassinamuji.com\/amujiweb\/?p=5083"},"modified":"2022-09-12T11:35:47","modified_gmt":"2022-09-12T09:35:47","slug":"5083","status":"publish","type":"post","link":"https:\/\/yassinamuji.com\/amujiweb\/mocambique\/5083\/","title":{"rendered":"Inhambane a melhor Prov\u00edncia Expositora da FACIM 2022."},"content":{"rendered":"\n<p>Desde 2017 que a Prov\u00edncia de Inhambane lidera essa posi\u00e7\u00e3o na FACIM, e n\u00e3o podia ser diferente, afinal \u00e9 uma Prov\u00edncia altamente tur\u00edstica e a FACIM \u00e9 uma Feira Internacional. Feira \u00e9 TURISMO; e Turismo \u00e9 NEG\u00d3CIO!<\/p>\n\n\n\n<p>Sendo uma Feira Internacional, e com representatividade de todas as prov\u00edncias, poder\u00edamos come\u00e7ar a pensar em levar esta feira para Inhambane e assim alavancarmos mais o potencial tur\u00edstico desta Prov\u00edncia. <\/p>\n\n\n\n<p>Ou ent\u00e3o a cada ano, a Feira ser realizada numa outra Prov\u00edncia.Tenho vindo a defender a distribui\u00e7\u00e3o de riquezas pelas prov\u00edncias tendo em conta o potencial que cada uma tem para alavancarmos as economias locais.<\/p>\n\n\n\n<p>Quem organiza a FACIM \u00e9 a APIEX &#8211; Ag\u00eancia de Promo\u00e7\u00e3o de Investimentos e Exporta\u00e7\u00f5es de Mo\u00e7ambique, tutelada pelo Minist\u00e9rio da Ind\u00fastria e Com\u00e9rcio, e n\u00e3o faz sentido ela ser somente organizada em Maputo, afinal Mo\u00e7ambique n\u00e3o \u00e9 s\u00f3 Maputo!<\/p>\n\n\n\n<p>A luta continua!<\/p>\n\n\n\n<p>Yassin Amuji<\/p>\n","protected":false},"excerpt":{"rendered":"<p>Desde 2017 que a Prov\u00edncia de Inhambane lidera essa posi\u00e7\u00e3o na FACIM, e n\u00e3o podia ser diferente, afinal \u00e9 uma Prov\u00edncia altamente tur\u00edstica e a FACIM \u00e9 uma Feira Internacional. Feira \u00e9 TURISMO; e Turismo \u00e9 NEG\u00d3CIO! Sendo uma Feira Internacional, e com representatividade de todas as prov\u00edncias, poder\u00edamos come\u00e7ar a pensar em levar esta&nbsp;<a href=\"https:\/\/yassinamuji.com\/amujiweb\/mocambique\/5083\/\" class=\"read-more\">Continue Reading<\/a><\/p>\n","protected":false},"author":10,"featured_media":5084,"comment_status":"closed","ping_status":"open","sticky":false,"template":"","format":"standard","meta":{"spay_email":""},"categories":[32],"tags":[213,319,123,523,121,510,176,120,133,430],"jetpack_featured_media_url":"https:\/\/i0.wp.com\/yassinamuji.com\/amujiweb\/wp-content\/uploads\/2022\/09\/305702636_603088587862015_4608665857477896891_n.jpg?fit=960%2C540&ssl=1","jetpack_sharing_enabled":true,"jetpack_shortlink":"https:\/\/wp.me\/sfnszq-5083","_links":{"self":[{"href":"https:\/\/yassinamuji.com\/amujiweb\/wp-json\/wp\/v2\/posts\/5083"}],"collection":[{"href":"https:\/\/yassinamuji.com\/amujiweb\/wp-json\/wp\/v2\/posts"}],"about":[{"href":"https:\/\/yassinamuji.com\/amujiweb\/wp-json\/wp\/v2\/types\/post"}],"author":[{"embeddable":true,"href":"https:\/\/yassinamuji.com\/amujiweb\/wp-json\/wp\/v2\/users\/10"}],"replies":[{"embeddable":true,"href":"https:\/\/yassinamuji.com\/amujiweb\/wp-json\/wp\/v2\/comments?post=5083"}],"version-history":[{"count":2,"href":"https:\/\/yassinamuji.com\/amujiweb\/wp-json\/wp\/v2\/posts\/5083\/revisions"}],"predecessor-version":[{"id":5086,"href":"https:\/\/yassinamuji.com\/amujiweb\/wp-json\/wp\/v2\/posts\/5083\/revisions\/5086"}],"wp:featuredmedia":[{"embeddable":true,"href":"https:\/\/yassinamuji.com\/amujiweb\/wp-json\/wp\/v2\/media\/5084"}],"wp:attachment":[{"href":"https:\/\/yassinamuji.com\/amujiweb\/wp-json\/wp\/v2\/media?parent=5083"}],"wp:term":[{"taxonomy":"category","embeddable":true,"href":"https:\/\/yassinamuji.com\/amujiweb\/wp-json\/wp\/v2\/categories?post=5083"},{"taxonomy":"post_tag","embeddable":true,"href":"https:\/\/yassinamuji.com\/amujiweb\/wp-json\/wp\/v2\/tags?post=5083"}],"curies":[{"name":"wp","href":"https:\/\/api.w.org\/{rel}","templated":true}]}}