{"id":4109,"date":"2020-07-22T10:10:12","date_gmt":"2020-07-22T08:10:12","guid":{"rendered":"https:\/\/yassinamuji.com\/amujiweb\/?p=4109"},"modified":"2020-07-25T10:14:51","modified_gmt":"2020-07-25T08:14:51","slug":"em-conversa-no-chat-com-sheila-ibrahimo","status":"publish","type":"post","link":"https:\/\/yassinamuji.com\/amujiweb\/uncategorized\/em-conversa-no-chat-com-sheila-ibrahimo\/","title":{"rendered":"Em conversa No Chat com Sheila Ibrahimo"},"content":{"rendered":"<p>Em conversa No Chat com Sheila Ibrahimo &#8211; apelei a calma e paci\u00eancia aos que perderam emprego por conta da Covid-19.<\/p>\n<p style=\"text-align: left\">Este \u00e9 o momento de parar, ter calma, paci\u00eancia, e analisar detalhadamente todas oportunidades que possam surgir, pois se a pessoa n\u00e3o tiver calma e paci\u00eancia pode cometer erros cruciais.<\/p>\n<p style=\"text-align: left\">Em caso de sentir-se incapaz e desmoralizado, procure por pessoas que v\u00e3o encorajar e dar for\u00e7a, e em alguns casos por profissionais em motiva\u00e7\u00e3o, pois muitos precisar\u00e3o desse apoio, incluindo apoio psicol\u00f3gico, algo que volunt\u00e1rios m\u00e9dicos poderiam estar a preparar um pouco por todo o Pa\u00eds.<\/p>\n<p style=\"text-align: left\">O turismo tende a renascer em Vilankulo, com alguns empreendimentos tur\u00edsticos a ensaiarem o regresso gradual \u00e0s actividades. Um grande reconhecimento vai ao comportamento da popula\u00e7\u00e3o de Inhambane, no cumprimento de medidas de preven\u00e7\u00e3o e combate a COVID-19.<\/p>\n<p style=\"text-align: left\">Em pouco mais de um milh\u00e3o de habitantes, ter 42 casos em 4 meses de pandemia, \u00e9 elogi\u00e1vel. As pessoas devem gradualmente come\u00e7ar a voltar \u00e0 normalidade, ou ao novo normal, mantendo sempre o distanciamento, e cumprindo com as medidas de preven\u00e7\u00e3o. Forte abra\u00e7o a todos!<\/p>\n<p>&nbsp;<\/p>\n<p><em><strong>YAssin Amuji<\/strong><\/em><\/p>\n","protected":false},"excerpt":{"rendered":"<p>Em conversa No Chat com Sheila Ibrahimo &#8211; apelei a calma e paci\u00eancia aos que perderam emprego por conta da Covid-19. Este \u00e9 o momento de parar, ter calma, paci\u00eancia, e analisar detalhadamente todas oportunidades que possam surgir, pois se a pessoa n\u00e3o tiver calma e paci\u00eancia pode cometer erros cruciais. Em caso de sentir-se&nbsp;<a href=\"https:\/\/yassinamuji.com\/amujiweb\/uncategorized\/em-conversa-no-chat-com-sheila-ibrahimo\/\" class=\"read-more\">Continue Reading<\/a><\/p>\n","protected":false},"author":8,"featured_media":4110,"comment_status":"closed","ping_status":"open","sticky":false,"template":"","format":"standard","meta":{"spay_email":""},"categories":[32,1,113,33],"tags":[102,104,101,86,49,51,56],"jetpack_featured_media_url":"https:\/\/i0.wp.com\/yassinamuji.com\/amujiweb\/wp-content\/uploads\/2020\/07\/115988338_3357162560981194_2209144728477699387_n.jpg?fit=840%2C767&ssl=1","jetpack_sharing_enabled":true,"jetpack_shortlink":"https:\/\/wp.me\/pfnszq-14h","_links":{"self":[{"href":"https:\/\/yassinamuji.com\/amujiweb\/wp-json\/wp\/v2\/posts\/4109"}],"collection":[{"href":"https:\/\/yassinamuji.com\/amujiweb\/wp-json\/wp\/v2\/posts"}],"about":[{"href":"https:\/\/yassinamuji.com\/amujiweb\/wp-json\/wp\/v2\/types\/post"}],"author":[{"embeddable":true,"href":"https:\/\/yassinamuji.com\/amujiweb\/wp-json\/wp\/v2\/users\/8"}],"replies":[{"embeddable":true,"href":"https:\/\/yassinamuji.com\/amujiweb\/wp-json\/wp\/v2\/comments?post=4109"}],"version-history":[{"count":1,"href":"https:\/\/yassinamuji.com\/amujiweb\/wp-json\/wp\/v2\/posts\/4109\/revisions"}],"predecessor-version":[{"id":4111,"href":"https:\/\/yassinamuji.com\/amujiweb\/wp-json\/wp\/v2\/posts\/4109\/revisions\/4111"}],"wp:featuredmedia":[{"embeddable":true,"href":"https:\/\/yassinamuji.com\/amujiweb\/wp-json\/wp\/v2\/media\/4110"}],"wp:attachment":[{"href":"https:\/\/yassinamuji.com\/amujiweb\/wp-json\/wp\/v2\/media?parent=4109"}],"wp:term":[{"taxonomy":"category","embeddable":true,"href":"https:\/\/yassinamuji.com\/amujiweb\/wp-json\/wp\/v2\/categories?post=4109"},{"taxonomy":"post_tag","embeddable":true,"href":"https:\/\/yassinamuji.com\/amujiweb\/wp-json\/wp\/v2\/tags?post=4109"}],"curies":[{"name":"wp","href":"https:\/\/api.w.org\/{rel}","templated":true}]}}